{"id":457,"date":"2015-01-23T19:50:40","date_gmt":"2015-01-23T19:50:40","guid":{"rendered":"http:\/\/www.agendabrasil.com.br\/?p=457"},"modified":"2015-01-23T19:50:40","modified_gmt":"2015-01-23T19:50:40","slug":"facebook","status":"publish","type":"post","link":"https:\/\/agendabrasil.com.br\/index.php\/2015\/01\/23\/facebook\/","title":{"rendered":"FACEBOOK"},"content":{"rendered":"<p><b>Facebook<\/b> \u00e9 um <a title=\"Site\" href=\"http:\/\/pt.wikipedia.org\/wiki\/Site\">site<\/a> e servi\u00e7o de <a title=\"Rede social\" href=\"http:\/\/pt.wikipedia.org\/wiki\/Rede_social\">rede social<\/a> que foi lan\u00e7ado em <a title=\"4 de fevereiro\" href=\"http:\/\/pt.wikipedia.org\/wiki\/4_de_fevereiro\">4 de fevereiro<\/a> de <a title=\"2004\" href=\"http:\/\/pt.wikipedia.org\/wiki\/2004\">2004<\/a>, operado e de propriedade privada da Facebook Inc..<sup id=\"cite_ref-Growth_4-0\" class=\"reference\"><a href=\"http:\/\/pt.wikipedia.org\/wiki\/Facebook#cite_note-Growth-4\">4<\/a><\/sup> Em 4 de outubro de 2012, o Facebook atingiu a marca de 1 bilh\u00e3o de usu\u00e1rios ativos, sendo por isso a maior rede social em todo o mundo.<sup id=\"cite_ref-friendingfacebook1_5-0\" class=\"reference\"><a href=\"http:\/\/pt.wikipedia.org\/wiki\/Facebook#cite_note-friendingfacebook1-5\">5<\/a><\/sup> Em m\u00e9dia 316.455 pessoas se cadastram, por dia, no Facebook, desde sua cria\u00e7\u00e3o em 4 de fevereiro de 2004. Os usu\u00e1rios devem se registrar antes de utilizar o site, ap\u00f3s isso, podem criar um perfil pessoal, adicionar outros usu\u00e1rios como amigos e trocar mensagens, incluindo notifica\u00e7\u00f5es autom\u00e1ticas quando atualizarem o seu perfil. Al\u00e9m disso, os usu\u00e1rios podem participar de grupos de interesse comum de outros utilizadores, organizados por escola, trabalho ou faculdade, ou outras caracter\u00edsticas, e categorizar seus amigos em listas como &#8220;as pessoas do trabalho&#8221; ou &#8220;amigos \u00edntimos&#8221;. O nome do servi\u00e7o decorre o nome coloquial para o livro dado aos alunos no in\u00edcio do ano letivo por algumas administra\u00e7\u00f5es universit\u00e1rias nos <a title=\"Estados Unidos\" href=\"http:\/\/pt.wikipedia.org\/wiki\/Estados_Unidos\">Estados Unidos<\/a> para ajudar os alunos a conhecerem uns aos outros. O Facebook permite que qualquer usu\u00e1rio que declare ter pelo menos 13 anos possa se tornar usu\u00e1rio registrados do site.<sup id=\"cite_ref-6\" class=\"reference\"><a href=\"http:\/\/pt.wikipedia.org\/wiki\/Facebook#cite_note-6\">6<\/a><\/sup><\/p>\n<p><a href=\"https:\/\/www.facebook.com\" target=\"_blank\"><img decoding=\"async\" loading=\"lazy\" class=\"alignnone wp-image-458 size-large\" src=\"http:\/\/www.agendabrasil.com.br\/wp-content\/uploads\/2015\/01\/ScreenHunter_413-Jan.-23-17.48-1024x668.jpg\" alt=\"ScreenHunter_413 Jan. 23 17.48\" width=\"640\" height=\"418\" srcset=\"https:\/\/agendabrasil.com.br\/wp-content\/uploads\/2015\/01\/ScreenHunter_413-Jan.-23-17.48-1024x668.jpg 1024w, https:\/\/agendabrasil.com.br\/wp-content\/uploads\/2015\/01\/ScreenHunter_413-Jan.-23-17.48-300x196.jpg 300w, https:\/\/agendabrasil.com.br\/wp-content\/uploads\/2015\/01\/ScreenHunter_413-Jan.-23-17.48.jpg 1037w\" sizes=\"(max-width: 640px) 100vw, 640px\" \/><\/a><\/p>\n<p>O Facebook foi fundado por <a title=\"Mark Zuckerberg\" href=\"http:\/\/pt.wikipedia.org\/wiki\/Mark_Zuckerberg\">Mark Zuckerberg<\/a> e por seus colegas de quarto da faculdade <a title=\"Eduardo Saverin\" href=\"http:\/\/pt.wikipedia.org\/wiki\/Eduardo_Saverin\">Eduardo Saverin<\/a>, <a title=\"Dustin Moskovitz\" href=\"http:\/\/pt.wikipedia.org\/wiki\/Dustin_Moskovitz\">Dustin Moskovitz<\/a> e <a title=\"Chris Hughes\" href=\"http:\/\/pt.wikipedia.org\/wiki\/Chris_Hughes\">Chris Hughes<\/a>.<sup id=\"cite_ref-7\" class=\"reference\"><a href=\"http:\/\/pt.wikipedia.org\/wiki\/Facebook#cite_note-7\">7<\/a><\/sup> A cria\u00e7\u00e3o do site foi inicialmente limitada pelos fundadores aos estudantes da <a class=\"mw-redirect\" title=\"Universidade de Harvard\" href=\"http:\/\/pt.wikipedia.org\/wiki\/Universidade_de_Harvard\">Universidade de Harvard<\/a>, mas foi expandida para outras faculdades na \u00e1rea de <a title=\"Boston\" href=\"http:\/\/pt.wikipedia.org\/wiki\/Boston\">Boston<\/a>, da <a title=\"Ivy League\" href=\"http:\/\/pt.wikipedia.org\/wiki\/Ivy_League\">Ivy League<\/a> e da<a class=\"mw-redirect\" title=\"Universidade de Stanford\" href=\"http:\/\/pt.wikipedia.org\/wiki\/Universidade_de_Stanford\">Universidade de Stanford<\/a>. O site gradualmente adicionou suporte para alunos em v\u00e1rias outras universidades antes de abrir para estudantes do ensino m\u00e9dio e, eventualmente, para qualquer pessoa com 13 anos ou mais. No entanto, com base em dados de maio de 2011 do ConsumersReports.org, existiam 7,5 milh\u00f5es de crian\u00e7as menores de 13 anos com contas no Facebook, violando os termos de servi\u00e7o do pr\u00f3prio site.<sup id=\"cite_ref-8\" class=\"reference\"><a href=\"http:\/\/pt.wikipedia.org\/wiki\/Facebook#cite_note-8\">8<\/a><\/sup><\/p>\n<p>Um estudo de janeiro de 2009 do <i>Compete.com<\/i> classificou o Facebook como a rede social mais utilizada em todo o mundo por usu\u00e1rios ativos mensais.<sup id=\"cite_ref-Kazeniac_9-0\" class=\"reference\"><a href=\"http:\/\/pt.wikipedia.org\/wiki\/Facebook#cite_note-Kazeniac-9\">9<\/a><\/sup> A<i><a title=\"Entertainment Weekly\" href=\"http:\/\/pt.wikipedia.org\/wiki\/Entertainment_Weekly\">Entertainment Weekly<\/a><\/i> incluiu o site na sua lista de &#8220;melhores de&#8221;, dizendo: &#8220;Como viv\u00edamos antes de perseguirmos os nossos ex-namorados, lembrarmos dos anivers\u00e1rios dos nossos colegas de trabalho, irritarmos os nossos amigos e jogarmos um jogo empolgante de Scrabulous antes do Facebook?&#8221;<sup id=\"cite_ref-10\" class=\"reference\"><a href=\"http:\/\/pt.wikipedia.org\/wiki\/Facebook#cite_note-10\">10<\/a><\/sup> A <i>Quantcast<\/i> afirma que o Facebook teve 138,9 milh\u00f5es de visitantes \u00fanicos mensais nos Estados Unidos em maio de 2011.<sup id=\"cite_ref-Wells_11-0\" class=\"reference\"><a href=\"http:\/\/pt.wikipedia.org\/wiki\/Facebook#cite_note-Wells-11\">11<\/a><\/sup> De acordo com o <i>Social Media Today<\/i>, estimava-se que em abril de 2010 cerca de 41,6% da popula\u00e7\u00e3o estadunidense tinha uma conta no Facebook.<sup id=\"cite_ref-Wells_11-1\" class=\"reference\"><a href=\"http:\/\/pt.wikipedia.org\/wiki\/Facebook#cite_note-Wells-11\">11<\/a><\/sup> No entanto, o crescimento de mercado do Facebook come\u00e7ou a estabilizar em algumas regi\u00f5es, sendo que o site perdeu 7 milh\u00f5es de usu\u00e1rios ativos nos Estados Unidos e no <a title=\"Canad\u00e1\" href=\"http:\/\/pt.wikipedia.org\/wiki\/Canad%C3%A1\">Canad\u00e1<\/a> em maio de 2011.<sup id=\"cite_ref-12\" class=\"reference\"><a href=\"http:\/\/pt.wikipedia.org\/wiki\/Facebook#cite_note-12\">12<\/a><\/sup> O Facebook entrou com pedido de uma <a title=\"Oferta p\u00fablica inicial\" href=\"http:\/\/pt.wikipedia.org\/wiki\/Oferta_p%C3%BAblica_inicial\">oferta p\u00fablica inicial<\/a> em 1 de fevereiro de 2012.<sup id=\"cite_ref-sec.gov_2-1\" class=\"reference\"><a href=\"http:\/\/pt.wikipedia.org\/wiki\/Facebook#cite_note-sec.gov-2\">2<\/a><\/sup><\/p>\n","protected":false},"excerpt":{"rendered":"<p>Facebook \u00e9 um site e servi\u00e7o de rede social que foi lan\u00e7ado em 4 de fevereiro de 2004, operado e de propriedade privada da Facebook Inc..4 Em 4 de outubro de 2012, o Facebook atingiu a marca de 1 bilh\u00e3o de usu\u00e1rios ativos, sendo por isso a maior rede social em todo o mundo.5 Em&#8230;<\/p>\n","protected":false},"author":1,"featured_media":458,"comment_status":"open","ping_status":"open","sticky":false,"template":"","format":"standard","meta":[],"categories":[10],"tags":[],"_links":{"self":[{"href":"https:\/\/agendabrasil.com.br\/index.php\/wp-json\/wp\/v2\/posts\/457"}],"collection":[{"href":"https:\/\/agendabrasil.com.br\/index.php\/wp-json\/wp\/v2\/posts"}],"about":[{"href":"https:\/\/agendabrasil.com.br\/index.php\/wp-json\/wp\/v2\/types\/post"}],"author":[{"embeddable":true,"href":"https:\/\/agendabrasil.com.br\/index.php\/wp-json\/wp\/v2\/users\/1"}],"replies":[{"embeddable":true,"href":"https:\/\/agendabrasil.com.br\/index.php\/wp-json\/wp\/v2\/comments?post=457"}],"version-history":[{"count":0,"href":"https:\/\/agendabrasil.com.br\/index.php\/wp-json\/wp\/v2\/posts\/457\/revisions"}],"wp:featuredmedia":[{"embeddable":true,"href":"https:\/\/agendabrasil.com.br\/index.php\/wp-json\/wp\/v2\/media\/458"}],"wp:attachment":[{"href":"https:\/\/agendabrasil.com.br\/index.php\/wp-json\/wp\/v2\/media?parent=457"}],"wp:term":[{"taxonomy":"category","embeddable":true,"href":"https:\/\/agendabrasil.com.br\/index.php\/wp-json\/wp\/v2\/categories?post=457"},{"taxonomy":"post_tag","embeddable":true,"href":"https:\/\/agendabrasil.com.br\/index.php\/wp-json\/wp\/v2\/tags?post=457"}],"curies":[{"name":"wp","href":"https:\/\/api.w.org\/{rel}","templated":true}]}}