{"id":549,"date":"2015-01-29T10:47:33","date_gmt":"2015-01-29T10:47:33","guid":{"rendered":"http:\/\/www.agendabrasil.com.br\/?p=549"},"modified":"2015-01-29T10:47:33","modified_gmt":"2015-01-29T10:47:33","slug":"festival-da-pimenta-exalta-diferentes-sabores","status":"publish","type":"post","link":"https:\/\/agendabrasil.com.br\/index.php\/2015\/01\/29\/festival-da-pimenta-exalta-diferentes-sabores\/","title":{"rendered":"Festival da Pimenta exalta diferentes sabores"},"content":{"rendered":"<h1 class=\"entry-title post-title\"><\/h1>\n<p>Os restaurantes de S\u00e3o Paulo re\u00fanem-se pela quarta vez para realizar o <strong>Festival da Pimenta<\/strong>. A explos\u00e3o de sabor inclui todas as variedades da fruta e tem at\u00e9 manifesto.<\/p>\n<p><img decoding=\"async\" loading=\"lazy\" class=\"wp-image-5564 size-full\" src=\"http:\/\/sao-paulo.com.br\/wp-content\/uploads\/2014\/05\/pimenta-recheada.jpg\" alt=\"pimenta dedo-de-mo\u00e7a recheada servida no festival da pimenta\" width=\"600\" height=\"414\" \/><\/p>\n<p>&nbsp;<\/p>\n<p>De 29 de maio at\u00e9 8 de junho, 12 restaurantes incluir\u00e3o em seus card\u00e1pios receitas que valorizem os mais diferentes sabores da pimenta. Para Hugo Delgado, um dos idealizadores do festival, a pimenta \u00e9 acima de tudo um pavio. O despertador de um algo a mais que ati\u00e7a sentidos e emo\u00e7\u00f5es. Mais do que fogo, a pimenta perfuma, pontua, adocica e at\u00e9 defuma. Tudo para deixar claro que o Festival da Pimenta guarda muito mais do ard\u00eancia na boca.<\/p>\n<p>As semelhan\u00e7as da pimenta com a alma brasileira, alegre e motivadora, est\u00e1 na receita genuinamente brasileira de\u00a0caldinho de tucupi, com peixe e pimenta amaz\u00f4nica murupi. Criada pela chef Fl\u00e1via Marioto, o prato \u00e9 um dos seis integrantes do Festival da Pimenta servidos no Restaurante Condessa (R. Jo\u00e3o Louren\u00e7o, 367 \u2013 Vila Nova Concei\u00e7\u00e3o).<\/p>\n<p><img decoding=\"async\" loading=\"lazy\" class=\"aligncenter size-full wp-image-5565\" src=\"http:\/\/sao-paulo.com.br\/wp-content\/uploads\/2014\/05\/pimenta-tucupi.jpg\" alt=\"caldo de tucupi com pimenta amazonica de murupi em festival da pimenta\" width=\"600\" height=\"382\" \/><\/p>\n<p>Al\u00e9m de levar ao p\u00fablico diversas formas de preparo da especiaria, a organiza\u00e7\u00e3o tamb\u00e9m pensou em a\u00e7\u00f5es que contribuissem para que a popula\u00e7\u00e3o conhecesse mais sobre a pimenta. Durante o Festival da Pimenta chefs e mestres pimenteiros discorrer\u00e3o sobre o tema em aulas especiais.<\/p>\n<p>As informa\u00e7\u00f5es s\u00e3o do Jornal Folha de S\u00e3o Paulo e a programa\u00e7\u00e3o completa do Festival da Pimenta pode ser encontrada no <a href=\"http:\/\/guia.folha.uol.com.br\/restaurantes\/2014\/05\/1460637-festival-da-pimenta-reune-12-casas-com-aulas-e-eventos-de-rua-em-sp.shtml\" target=\"_blank\">Guia\u00a0da Folha<\/a>.<\/p>\n","protected":false},"excerpt":{"rendered":"<p>Os restaurantes de S\u00e3o Paulo re\u00fanem-se pela quarta vez para realizar o Festival da Pimenta. A explos\u00e3o de sabor inclui todas as variedades da fruta e tem at\u00e9 manifesto. &nbsp; De 29 de maio at\u00e9 8 de junho, 12 restaurantes incluir\u00e3o em seus card\u00e1pios receitas que valorizem os mais diferentes sabores da pimenta. Para Hugo&#8230;<\/p>\n","protected":false},"author":1,"featured_media":550,"comment_status":"open","ping_status":"open","sticky":false,"template":"","format":"standard","meta":[],"categories":[2],"tags":[],"_links":{"self":[{"href":"https:\/\/agendabrasil.com.br\/index.php\/wp-json\/wp\/v2\/posts\/549"}],"collection":[{"href":"https:\/\/agendabrasil.com.br\/index.php\/wp-json\/wp\/v2\/posts"}],"about":[{"href":"https:\/\/agendabrasil.com.br\/index.php\/wp-json\/wp\/v2\/types\/post"}],"author":[{"embeddable":true,"href":"https:\/\/agendabrasil.com.br\/index.php\/wp-json\/wp\/v2\/users\/1"}],"replies":[{"embeddable":true,"href":"https:\/\/agendabrasil.com.br\/index.php\/wp-json\/wp\/v2\/comments?post=549"}],"version-history":[{"count":0,"href":"https:\/\/agendabrasil.com.br\/index.php\/wp-json\/wp\/v2\/posts\/549\/revisions"}],"wp:featuredmedia":[{"embeddable":true,"href":"https:\/\/agendabrasil.com.br\/index.php\/wp-json\/wp\/v2\/media\/550"}],"wp:attachment":[{"href":"https:\/\/agendabrasil.com.br\/index.php\/wp-json\/wp\/v2\/media?parent=549"}],"wp:term":[{"taxonomy":"category","embeddable":true,"href":"https:\/\/agendabrasil.com.br\/index.php\/wp-json\/wp\/v2\/categories?post=549"},{"taxonomy":"post_tag","embeddable":true,"href":"https:\/\/agendabrasil.com.br\/index.php\/wp-json\/wp\/v2\/tags?post=549"}],"curies":[{"name":"wp","href":"https:\/\/api.w.org\/{rel}","templated":true}]}}